{"provider_url": "https://www.uba.mg.leg.br", "title": "Tribuna Livre: confira quem utilizou o espa\u00e7o em agosto", "html": "<p align=\"center\" style=\"text-align: justify; \"><span>Prevista no artigo 143 do Regimento Interno da C\u00e2mara Municipal de Ub\u00e1 (Resolu\u00e7\u00e3o n\u00ba 01/2022), a Tribuna Livre \u00e9 um espa\u00e7o concedido pelo Legislativo Ubaense para utiliza\u00e7\u00e3o p\u00fablica e \u00e9 realizada facultativamente, podendo qualquer cidad\u00e3o requerer o seu uso, mediante a autoriza\u00e7\u00e3o pr\u00e9via do Presidente da CMU. Para cada sess\u00e3o ordin\u00e1ria a utiliza\u00e7\u00e3o da Tribuna Livre \u00e9 limitada a duas pessoas, ficando reservado o tempo de dez minutos para cada, exceto para palestras e apresenta\u00e7\u00f5es, casos em que o prazo ser\u00e1 de at\u00e9 20 minutos e poder\u00e1 ser utilizada para este fim apenas uma vez ao m\u00eas.</span></p>\r\n<p style=\"text-align: justify; \">A Tribuna Livre pode ser utilizada para:</p>\r\n<p style=\"text-align: justify; \">I - exposi\u00e7\u00e3o ou debate de mat\u00e9rias de interesse da comunidade;</p>\r\n<p style=\"text-align: justify; \">II - reivindica\u00e7\u00e3o de solu\u00e7\u00e3o a problemas enfrentados pela comunidade;</p>\r\n<p style=\"text-align: justify; \">III \u2013 para falar sobre proposi\u00e7\u00e3o legislativa;</p>\r\n<p style=\"text-align: justify; \">IV \u2013 para prestar agradecimento;</p>\r\n<p style=\"text-align: justify; \">V \u2013 palestras e apresenta\u00e7\u00f5es.</p>\r\n<p style=\"text-align: justify; \">A inscri\u00e7\u00e3o deve ser realizada em at\u00e9 quarenta e oito horas de anteced\u00eancia para falar sobre assuntos gerais e at\u00e9 seis horas antes de iniciada a reuni\u00e3o, para falar de projeto de lei pautado. No requerimento dever\u00e1 ser especificado o assunto a ser tratado e caber\u00e1 ao Presidente deferi-lo e cassar a palavra de qualquer orador que extrapolar o tema para o qual se inscreveu.</p>\r\n<p style=\"text-align: justify; \">Cada Vereador poder\u00e1 solicitar a palavra por at\u00e9 dois minutos ap\u00f3s o orador encerrar sua exposi\u00e7\u00e3o na Tribuna Livre, caso queira esclarecer ou abordar o algum ponto do assunto exposto, vedada a r\u00e9plica.</p>\r\n<p style=\"text-align: justify; \">O orador que utilizar a Tribuna Livre somente poder\u00e1 reutiliz\u00e1-la 120 dias depois.</p>\r\n<p style=\"text-align: justify; \"><b>Tribuna Livre no m\u00eas de agosto:</b></p>\r\n<p style=\"text-align: justify; \"><b>\u00a0</b><span>\u00a004 de agosto - Pablo Moreira de Carvalho. Assunto: Tratar sobre os constantes alagamentos ocorridos no final da Rua Luiz de Matos, pr\u00f3ximo ao n\u00ba 388, que ocorrem reiteradamente todos os anos e vem causando desconforto e preju\u00edzo aos moradores do entorno.</span></p>\r\n<p style=\"text-align: justify; \">\u00a025 de agosto - Josu\u00e9 San Lima. Assunto: Falar sobre Projeto Evangelizart Ub\u00e1, um projeto interdenominacional liderado por Josu\u00e9 San Lima e Marluce Herica de Souza Lima, sem fins lucrativos, que atua em Ub\u00e1 com a\u00e7\u00f5es sociais h\u00e1 12 anos e tem por objetivo contribuir para o crescimento de nossas comunidades.</p>\r\n<p style=\"text-align: justify; \">\u00a0</p>\r\n<p style=\"text-align: justify; \">\u00a0</p>\r\n<p style=\"text-align: justify; \">\u00a0</p>", "author_name": "", "version": "1.0", "author_url": "https://www.uba.mg.leg.br/author/comunicacao", "provider_name": " ", "type": "rich"}