{"provider_url": "https://www.uba.mg.leg.br", "title": "Ub\u00e1 avan\u00e7a para a Onda Branca no Plano Minas Consciente   ", "html": "<p align=\"center\" style=\"text-align: justify; \"><span>De acordo com o Decreto Municipal 6423/2020, publicado pela Prefeitura nesta segunda-feira, 20 de julho, Ub\u00e1 passa a integrar a Onda Branca do Plano Minas Consciente. A reclassifica\u00e7\u00e3o\u00a0da fase de abertura para os munic\u00edpios que integram a macrorregi\u00e3o sudeste de sa\u00fade foi feita pelo Comit\u00ea Extraordin\u00e1rio COVID-19 de Minas Gerais, por meio da Delibera\u00e7\u00e3o 68, de 16 de julho.</span></p>\r\n<p style=\"text-align: justify; \">A partir de agora, portanto, est\u00e1 autorizado o funcionamento das atividades econ\u00f4micas inclu\u00eddas na onda verde (servi\u00e7os essenciais) e onda branca (servi\u00e7os de baixo risco). As atividades econ\u00f4micas inclu\u00eddas nas ondas amarela (m\u00e9dio risco) e vermelha (alto risco) seguem proibidas, exceto com fornecimento de bens e servi\u00e7os de portas fechadas, por delivery, n\u00e3o sendo admitida a entrada e perman\u00eancia de clientes no interior dos estabelecimentos.\u00a0</p>\r\n<p style=\"text-align: justify; \">As atividades permitidas na onda branca e os protocolos para os estabelecimentos podem ser consultados pelo site www.mg.gov.br/minasconsciente/empresarios.</p>\r\n<p style=\"text-align: justify; \">Previstas na onda branca, as autoescolas passam a ter hor\u00e1rio de funcionamento m\u00e1ximo permitido em Ub\u00e1. Segundo o novo decreto, as atividades de forma\u00e7\u00e3o e habilita\u00e7\u00e3o de condutores de ve\u00edculos automotores poder\u00e3o acontecer de segunda a sexta-feira, de 8h \u00e0s 18h, e aos s\u00e1bados de 8h \u00e0s 13h. As\u00a0demais novas atividades permitidas ter\u00e3o hor\u00e1rio de funcionamento padr\u00e3o, apenas de segunda a sexta, de 9h \u00e0s 18h.\u00a0</p>\r\n<p style=\"text-align: justify; \">A\u00a0retomada do funcionamento das atividades econ\u00f4micas deve estar sempre associada \u00e0s medidas de preven\u00e7\u00e3o \u00e0 Covid-19. Dessa maneira, a Prefeitura de Ub\u00e1 refor\u00e7a\u00a0que o isolamento social deve ser priorizado pela popula\u00e7\u00e3o, assim como o uso obrigat\u00f3rio de m\u00e1scaras, o distanciamento, e as medidas de higiene.\u00a0</p>\r\n<p style=\"text-align: justify; \">\u00a0</p>\r\n<p style=\"text-align: justify; \">\u00a0</p>\r\n<p style=\"text-align: justify; \"><b><i>*Com informa\u00e7\u00f5es da PMU</i></b></p>\r\n<p style=\"text-align: justify; \">\u00a0</p>", "author_name": "", "version": "1.0", "author_url": "https://www.uba.mg.leg.br/author/comunicacao", "provider_name": " ", "type": "rich"}