{"provider_url": "https://www.uba.mg.leg.br", "title": "Ub\u00e1 celebra 167 anos de emancipa\u00e7\u00e3o pol\u00edtica", "html": "<p>A cidade de Ub\u00e1 completa neste dia 03 de Julho 167 anos de emancipa\u00e7\u00e3o pol\u00edtica!</p>\r\n<p>Parab\u00e9ns cidade carinho! S\u00e3o 167 anos construindo hist\u00f3rias, conquistas e progresso!</p>\r\n<p>A C\u00e2mara Municipal de Ub\u00e1 faz parte desta hist\u00f3ria!</p>\r\n<p>\u00a0</p>\r\n<div class=\"acfifjfajpekbmhmjppnmmjgmhjkildl\" id=\"acfifjfajpekbmhmjppnmmjgmhjkildl\"></div>", "author_name": "", "version": "1.0", "author_url": "https://www.uba.mg.leg.br/author/comunicacao", "provider_name": " ", "type": "rich"}