{"provider_url": "https://www.uba.mg.leg.br", "title": "Ub\u00e1 est\u00e1 na Onda Amarela do Minas Consciente", "html": "<p align=\"center\" style=\"text-align: justify; \"><span>Publicado em 7 de agosto, o Decreto Municipal n\u00ba 6.433 passa o munic\u00edpio de Ub\u00e1 para a Onda Amarela do Minas Consciente. A decis\u00e3o \u00e9 tomada com base na Delibera\u00e7\u00e3o 74, de 5 de agosto de 2020, do Comit\u00ea Extraordin\u00e1rio COVID-19. As atividades permitidas nesta \u201conda\u201d podem ser encontradas no site do programa.</span></p>\r\n<p style=\"text-align: justify; \">Entretanto, o novo decreto limita o funcionamento de algumas delas, como por exemplo: os bares e lanchonetes poder\u00e3o funcionar apenas por delivery, sendo proibido o consumo no local; para restaurantes passa a ser permitido consumo no local, por\u00e9m apenas de segunda a sexta-feira, de 10h \u00e0s 15h; os sal\u00f5es de beleza poder\u00e3o funcionar de segunda a s\u00e1bado, de 8h \u00e0s 20h, mediante agendamento e sem sala de espera.</p>\r\n<p style=\"text-align: justify; \">\u00a0Destaca-se que todas as atividades devem seguir protocolos sanit\u00e1rios obrigat\u00f3rios que est\u00e3o dispon\u00edveis no site do Plano Minas Consciente.</p>\r\n<p style=\"text-align: justify; \">\u00a0</p>\r\n<p align=\"center\" style=\"text-align: justify; \"><b>Ficam estabelecidos os seguintes dias e hor\u00e1rios m\u00e1ximos de funcionamento das atividades permitidas (Onda Amarela e Onda Vermelha), podendo ser revisto a qualquer tempo:</b></p>\r\n<p align=\"center\" style=\"text-align: justify; \"><b>\u00a0</b></p>\r\n<p style=\"text-align: justify; \">I \u2013 Ind\u00fastria: dias e hor\u00e1rios de funcionamento regular e costumeiro;</p>\r\n<p style=\"text-align: justify; \">II \u2013 Hipermercado e supermercado: atendimento externo de segunda-feira a s\u00e1bado, de 8h00min \u00e0s 20h00min;</p>\r\n<p style=\"text-align: justify; \">III \u2013 Minimercado, mercearia, armaz\u00e9m, a\u00e7ougue e hortifrutigranjeiro: atendimento externo de segunda-feira a s\u00e1bado, de 8h00min \u00e0s 20h00min;</p>\r\n<p style=\"text-align: justify; \">IV \u2013 Padaria: atendimento externo segunda-feira a s\u00e1bado, de 6h00min \u00e0s 20h00min e aos domingos de 6h00min \u00e0s 13h00min;</p>\r\n<p style=\"text-align: justify; \">V \u2013 Farm\u00e1cia, drogaria, hospital, cl\u00ednica m\u00e9dica e veterin\u00e1ria e servi\u00e7o funer\u00e1rio: dias e hor\u00e1rios de funcionamento regular e costumeiro;</p>\r\n<p style=\"text-align: justify; \">VI \u2013 Bar e lanchonete: atendimento somente delivery de 7h00min \u00e0s 22h00min, proibido consumo no estabelecimento, em qualquer hor\u00e1rio ou dia da semana;</p>\r\n<p style=\"text-align: justify; \">VII \u2013 Restaurante: atendimento presencial de segunda a sexta-feira, de 10h00min \u00e0s 15h00min, com limita\u00e7\u00e3o de usu\u00e1rios de acordo com o Protocolo do Plano Minas Consciente, vedado o auto servi\u00e7o (self-service) e autorizado o atendimento delivery todos os dias da semana, de 7h00min \u00e0s 22h00min;</p>\r\n<p style=\"text-align: justify; \">VIII \u2013 Manuten\u00e7\u00e3o e repara\u00e7\u00e3o de ve\u00edculos automotores e de propuls\u00e3o humana: segunda a sexta-feira, de 8h00min \u00e0s 18h00min e s\u00e1bados de 8h00min \u00e0s 13h00min;</p>\r\n<p style=\"text-align: justify; \">IX \u2013 Posto de combust\u00edvel: dias e hor\u00e1rios de funcionamento regular, exceto as lojas de conveni\u00eancia neles estabelecidas, que devem observar o calend\u00e1rio estabelecido para minimercado (inciso III);</p>\r\n<p style=\"text-align: justify; \">X \u2013 Casa lot\u00e9rica: segunda a sexta-feira, de 8h00min \u00e0s 18h00min e, aos s\u00e1bados, somente quando houver funcionamento presencial extraordin\u00e1rio na Caixa Econ\u00f4mica Federal, em hor\u00e1rio coincidente;</p>\r\n<p style=\"text-align: justify; \">XI \u2013 Forma\u00e7\u00e3o e habilita\u00e7\u00e3o de condutores de ve\u00edculos automotores: segunda a sexta-feira, de 8h00min \u00e0s 20h00min;</p>\r\n<p style=\"text-align: justify; \">XII \u2013 Sal\u00e3o de beleza: segunda a s\u00e1bado, de 8h00min \u00e0s 20h00min, mediante agendamento, sem sala de espera;</p>\r\n<p style=\"text-align: justify; \">XIII \u2013 Demais atividades do com\u00e9rcio varejista, atacadista, prestador de servi\u00e7os enquadrados na \u201cOnda Amarela\u201d e \u201cOnda Vermelha\u201d, n\u00e3o abrangidas pelos incisos II a XII: segunda a sexta-feira, de 8h00min \u00e0s 20h00min.</p>\r\n<p style=\"text-align: justify; \">\u00a0</p>\r\n<p style=\"text-align: justify; \">\u00a0</p>\r\n<p style=\"text-align: justify; \"><b><i>*Com informa\u00e7\u00f5es da PMU</i></b></p>\r\n<p style=\"text-align: justify; \">\u00a0</p>\r\n<p style=\"text-align: justify; \">\u00a0</p>", "author_name": "", "version": "1.0", "author_url": "https://www.uba.mg.leg.br/author/comunicacao", "provider_name": " ", "type": "rich"}