{"provider_url": "https://www.uba.mg.leg.br", "title": "Ub\u00e1 tem agora onze vereadores mirins", "html": "<p style=\"text-align: justify; \"><span>Projeto inovador da CMU \u00e9 lan\u00e7ado em cerim\u00f4nia que re\u00fane autoridades e comunidade escolar</span></p>\r\n<p style=\"text-align: justify; \">Cerca de setenta pessoas, entre estudantes, professores das escolas da rede estadual de Ub\u00e1 e autoridades do munic\u00edpio, participaram da cerim\u00f4nia de posse do Projeto C\u00e2mara Mirim. O evento foi realizado no plen\u00e1rio da C\u00e2mara Municipal de Ub\u00e1 (CMU), na tarde desta quarta-feira (6). Onze estudantes foram empossados como vereadores mirins.</p>\r\n<p style=\"text-align: justify; \">O legislativo ubaense foi representado pelo presidente da C\u00e2mara Municipal de Ub\u00e1, Samuel Gazolla Lima, pelos vereadores Rafael Fa\u00eada de Freitas (vice-presidente), Ros\u00e2ngela Maria Alfenas de Andrade (secret\u00e1ria), Vin\u00edcius Sam\u00f4r de Lacerda (diretor da Escola do Legislativo), pastor Darci Pires, Carlos da Silva Rufato e Jos\u00e9 Alves.</p>\r\n<p style=\"text-align: justify; \">Na solenidade, os vereadores da CMU entregaram os diplomas aos vereadores mirins conferidos pela Escola do Legislativo da C\u00e2mara Municipal de Ub\u00e1.</p>\r\n<p style=\"text-align: justify; \">Por ser o estudante mais velho, John Ronys, da Escola Estadual Deputado Carlos Peixoto Filho, assumiu interinamente a presid\u00eancia da C\u00e2mara Mirim, conforme o Regimento Interno da CMU e proferiu o juramento repetido por todos.</p>\r\n<p style=\"text-align: justify; \">Segundo o presidente da CMU, Samuel Gazolla de Lima, desde o ano passado os vereadores est\u00e3o trabalhando numa proposta de se ter uma C\u00e2mara mais inclusiva, mais participativa e mais aberta \u00e0 popula\u00e7\u00e3o. \u201cFizemos esta parceria importante com as escolas do munic\u00edpio, por meio da Superintend\u00eancia Regional de Ensino e eu tenho a certeza de que no momento em que conseguirmos fomentar junto \u00e0s escolas e aos estudantes a participa\u00e7\u00e3o na pol\u00edtica, podemos, sim, por meio do debate e das discuss\u00f5es contribuir para a constru\u00e7\u00e3o de uma cidade melhor para se viver\u201d, destacou Samuel.</p>\r\n<p style=\"text-align: justify; \">J\u00e1, o diretor da Escola do Legislativo, vereador Vin\u00edcius Sam\u00f4r de Lacerda, destacou a import\u00e2ncia e a responsabilidade de os vereadores mirins representarem as suas respectivas escolas e resgatar, de forma coletiva, os sonhos e as esperan\u00e7as da comunidade. \u201cVoc\u00eas ter\u00e3o a oportunidade de conhecer um pouco mais sobre o funcionamento da C\u00e2mara Municipal de Ub\u00e1 e mais do que isso, recebem hoje a miss\u00e3o coletiva para pensarem em pol\u00edticas p\u00fablicas, em a\u00e7\u00f5es e projetos voltados para um contexto fundamental que \u00e9 o do meio ambiente\u201d, concluiu Vin\u00edcius.</p>\r\n<p style=\"text-align: justify; \">A estudante eleita presidente da C\u00e2mara Mirim, Phaula Ferreira Navarro da Escola Estadual Professor L\u00edvio de Castro Carneiro, agradeceu aos colegas da escola que a escolheram por meio de vota\u00e7\u00e3o. \u201cAgrade\u00e7o o apoio da minha fam\u00edlia e da minha escola e digo que eu vou fazer o melhor para a nossa cidade e para a minha escola\u201d, enfatizou Phaula.</p>\r\n<p style=\"text-align: justify; \"><strong>O projeto</strong><br />Coordenado pela Escola do Legislativo da CMU o projeto C\u00e2mara Mirim tem o objetivo de promover a intera\u00e7\u00e3o entre a C\u00e2mara, a sociedade e a escola, permitindo ao estudante compreender o contexto social em que vive, contribuindo para a forma\u00e7\u00e3o da cidadania e o entendimento dos aspectos pol\u00edticos, sociais e econ\u00f4micos da sociedade brasileira. O projeto foi criado por meio do requerimento n\u00b0 258/2015 e aprovado por unanimidade em plen\u00e1rio.</p>\r\n<p style=\"text-align: justify; \">As propostas, sugest\u00f5es e estudos discutidos e apresentados pelos vereadores mirins, ser\u00e3o encaminhados pelo Legislativo e aos setores competentes, divulgados e transformados em pol\u00edticas p\u00fablicas para todos.</p>\r\n<p style=\"text-align: justify; \">Ser\u00e3o realizadas discuss\u00f5es e reflex\u00f5es sobre os problemas que mais atingem a popula\u00e7\u00e3o. Os estudantes ser\u00e3o estimulados a pensar como um vereador e apresentar sugest\u00f5es para a melhoria da sua rua, da comunidade, do bairro e da cidade. E ao longo do ano, discutir\u00e3o v\u00e1rios assuntos relacionados \u00e0 cidade com \u00eanfase ao Meio Ambiente.</p>\r\n<p style=\"text-align: justify; \"><strong>Vereadores mirins</strong></p>\r\n<p style=\"text-align: justify; \">Allan Severiano dos Santos (E.E. Ces\u00e1rio Alvim); Emiliane Aparecida Pinto Gon\u00e7alves e Let\u00edcia Cristina Lima de Assis (E.E. Eunice Weaver); Ismael Almeida Andrade de Melo (CESEC Professor Jos\u00e9 de Castro); John Ronys (E.E. Deputado Carlos Peixoto Filho); Laura de Oliveira Coimbra e Maria Eduarda Gravina (E.E. Coronel Camilo Soares); Luana da Silva Ambr\u00f3sio (E.E. Bar\u00e3o do Rio Branco); Marco Ant\u00f4nio Soares Pacheco (E.E. Coronel Jo\u00e3o Ferreira de Andrade); Mariana Silva Braga (E.E. Jos\u00e9 Janu\u00e1rio Carneiro); e Phaula Ferreira Navarro (E.E Professor L\u00edvio de Castro Carneiro).</p>\r\n<p style=\"text-align: justify; \"><strong>Vereadores mirins suplentes</strong></p>\r\n<p style=\"text-align: justify; \">O projeto possui tamb\u00e9m vereadores mirins suplentes, s\u00e3o os seguintes: Isabela Claudino (Escola Estadual Professor L\u00edvio de Castro Carneiro); Leonardo Em\u00eddio Pires Antonucci (Escola Estadual Camilo Soares); Let\u00edcia Cristina Lima de Assis (Escola Estadual Eunice Weaver); Marcela de Assis Magalh\u00e3es (Escola Estadual Ces\u00e1rio Alvim); Nayara Garcia dos Santos Romanholi (Escola Estadual Coronel Jo\u00e3o Ferreira de Andrade); e Vit\u00f3ria Bento da Silva (Escola Estadual Jos\u00e9 Janu\u00e1rio Carneiro).</p>\r\n<p style=\"text-align: justify; \"><strong>Mesa Diretora</strong></p>\r\n<p style=\"text-align: justify; \">Eleita por aclama\u00e7\u00e3o, a mesa diretora ficou assim constitu\u00edda: Phaula Ferreira Navarro (presidente da C\u00e2mara Mirim); Mariana Silva Braga (1\u00aa vice-presidente); Laura de Oliveira Coimbra (2\u00aa vice-presidente); Maria Eduarda Gravina (1\u00aa secret\u00e1ria) e Marco Ant\u00f4nio Soares Pacheco (2\u00ba secret\u00e1rio).</p>\r\n<p style=\"text-align: justify; \">\u00a0</p>\r\n<p style=\"text-align: center; \">C\u00c2MARA MUNICIPAL DE UB\u00c1<br />CADA VEZ MAIS PARTICIPATIVA, INTERATIVA E CIDAD\u00c3!</p>", "author_name": "", "version": "1.0", "author_url": "https://www.uba.mg.leg.br/author/informatica", "provider_name": " ", "type": "rich"}