{"provider_url": "https://www.uba.mg.leg.br", "title": "Vereador Jorge Cust\u00f3dio Gerv\u00e1sio \u00e9 eleito novo presidente da CMU", "html": "<p style=\"text-align: justify; \"><span>A nova composi\u00e7\u00e3o da Mesa Diretora da C\u00e2mara Municipal de Ub\u00e1 para o bi\u00eanio 2019/2020 foi definida em vota\u00e7\u00e3o na manh\u00e3 desta sexta-feira, 21 de dezembro. O novo presidente ser\u00e1 o vereador de 4\u00b0 mandato consecutivo, Jorge Cust\u00f3dio Gerv\u00e1sio. Todos os 11 vereadores estiveram presentes.</span></p>\r\n<p style=\"text-align: justify; \">Acompanhe como vai ficar a composi\u00e7\u00e3o da Mesa Diretora:</p>\r\n<p style=\"text-align: justify; \">Presidente: Jorge Cust\u00f3dio Gerv\u00e1sio (PHS)</p>\r\n<p style=\"text-align: justify; \">1\u00ba vice-presidente: Jos\u00e9 Roberto Reis Filgueiras (PRB)</p>\r\n<p style=\"text-align: justify; \">2\u00b0 vice-presidente: Alexandre de Barros Mendes (PRB)</p>\r\n<p style=\"text-align: justify; \">1\u00b0 secret\u00e1rio: Joseli An\u00edsio Pinto (PCdoB)</p>\r\n<p style=\"text-align: justify; \">2\u00b0 secret\u00e1rio: Luis Carlos Teixeira Ribeiro (PHS).</p>", "author_name": "", "version": "1.0", "author_url": "https://www.uba.mg.leg.br/author/comunicacao", "provider_name": " ", "type": "rich"}