{"provider_url": "https://www.uba.mg.leg.br", "title": "Vereadores aprovam repasse de R$270 mil a entidades locais", "html": "<p style=\"text-align: justify; \">A C\u00e2mara Municipal de Ub\u00e1 aprovou em dupla vota\u00e7\u00e3o no dia 13 de setembro, o Projeto de Lei n\u00ba 125/2021, que \u201cautoriza o Poder Executivo a repassar recursos financeiros, neste exerc\u00edcio, \u00e0 Associa\u00e7\u00e3o Beneficente Cat\u00f3lica e \u00e0 Associa\u00e7\u00e3o de Pais e Amigos dos Excepcionais, e cont\u00e9m outras disposi\u00e7\u00f5es\".</p>\r\n<p style=\"text-align: justify; \">Tratam-se de recursos transferidos pelo Estado de Minas Gerais para a Prefeitura Municipal de Ub\u00e1, oriundos de emendas parlamentares estaduais, dos quais R$200 mil s\u00e3o destinados ao Hospital Santa lsabel (emendas dos Deputados Alencar Silveira J\u00fanior e lone Pinheiro - R$100 mil cada); e R$70 mil destinados \u00e0 Apae (emenda da Deputada Delegada Sheila). Como os recursos foram transferidos via Prefeitura, \u00e9 necess\u00e1ria autoriza\u00e7\u00e3o legislativa para repasse \u00e0s entidades benefici\u00e1rias.</p>\r\n<p style=\"text-align: justify; \">A dire\u00e7\u00e3o do Hospital Santa Isabel informou, por meio de sua Administradora, Ros\u00e2ngela Maria Alfenas de Andrade, que, como se trata de subven\u00e7\u00e3o, os recursos ser\u00e3o aplicados em despesas de custeio, que ser\u00e3o explicadas no plano de trabalho do conv\u00eanio, que ainda ser\u00e1 elaborado.</p>\r\n<p style=\"text-align: justify; \">Na Apae, os recursos ser\u00e3o utilizados para complementar a sala de fisioterapia localizada na unidade rural da institui\u00e7\u00e3o, e para a reforma da piscina, cuja estrutura necessitava ser trocada j\u00e1 h\u00e1 algum tempo, segundo explicou a Presidente, Rosane Soldati da Cruz.</p>\r\n<p style=\"text-align: justify; \">O PL segue agora para san\u00e7\u00e3o do Prefeito.</p>\r\n<p style=\"text-align: justify; \">\u00a0</p>\r\n<p style=\"text-align: justify; \"><i>Por Gisele Caires</i></p>\r\n<p style=\"text-align: justify; \"><i>Jornalista CMU</i></p>", "author_name": "jornalista", "version": "1.0", "author_url": "https://www.uba.mg.leg.br/author/jornalista", "provider_name": " ", "type": "rich"}