{"provider_url": "https://www.uba.mg.leg.br", "title": "Vereadores da Melhor Idade planejam suas a\u00e7\u00f5es de 2018", "html": "<p style=\"text-align: justify; \">Na manh\u00e3 desta ter\u00e7a-feira (20) os integrantes do projeto C\u00e2mara da Melhor Idade se reuniram no plen\u00e1rio do Poder Legislativo para elaborar o planejamento das atividades deste ano. Entre as a\u00e7\u00f5es previstas, destacam-se:</p>\r\n<ul style=\"text-align: justify; \">\r\n<li>Mobilidade urbana: monitorar o servi\u00e7o de transporte p\u00fablico coletivo municipal.</li>\r\n<li>Sa\u00fade: acompanhar e fiscalizar como est\u00e3o sendo realizados os atendimentos nas Unidades B\u00e1sicas de Sa\u00fade.</li>\r\n<li>Patrim\u00f4nio Hist\u00f3rico: visitar e conhecer o patrim\u00f4nio hist\u00f3rico local e estadual, a fim de colaborar para sua preserva\u00e7\u00e3o.</li>\r\n<li>Pol\u00edticas P\u00fablicas: estreitar o contato com o Poder Executivo Municipal, sugerindo, acompanhando e fiscalizando a implanta\u00e7\u00e3o efetiva de pol\u00edticas p\u00fablicas direcionadas aos idosos.</li>\r\n</ul>\r\n<p style=\"text-align: justify; \">Tamb\u00e9m durante este ano, os vereadores da Melhor Idade v\u00e3o realizar a segunda etapa de sua capacita\u00e7\u00e3o no curso de Inclus\u00e3o Digital promovido pela C\u00e2mara Municipal de Ub\u00e1, por meio da Escola do Legislativo. Neste segundo m\u00f3dulo, o foco ser\u00e3o as ferramentas digitais de monitoramento e fiscaliza\u00e7\u00e3o do Poder P\u00fablico, como consultas aos Portais da Transpar\u00eancia, \u00e0s legisla\u00e7\u00f5es e aos processos licitat\u00f3rios, al\u00e9m da busca por projetos de interesse coletivo.</p>", "author_name": "jornalista", "version": "1.0", "author_url": "https://www.uba.mg.leg.br/author/jornalista", "provider_name": " ", "type": "rich"}