{"provider_url": "https://www.uba.mg.leg.br", "title": "Vereadores da Melhor Idade s\u00e3o empossados em cerim\u00f4nia na C\u00e2mara", "html": "<p align=\"center\" style=\"text-align: justify; \"><span>Numa solenidade vespertina que reuniu vereadores e familiares, os integrantes da edi\u00e7\u00e3o 2019 do projeto C\u00e2mara da Melhor Idade (CMI) foram empossados no dia 25 de abril. A Mesa Diretora foi eleita em reuni\u00e3o no dia 4 de abril e ficou assim composta: Zuleica Evangelista de Andrade (presidente), Luiz Carlos Gomes (vice-presidente), Neuze Maria Soares (secret\u00e1ria), Roberto Garcia Alves Filho (segundo vice-presidente) e Sirene Corr\u00eaa Barros (segunda secret\u00e1ria).</span></p>\r\n<p style=\"text-align: justify; \">Os demais integrantes titulares s\u00e3o:\u00a0 Margarida Rita Cruz, Ant\u00f4nio da Silva, Maria de F\u00e1tima Teixeira Siqueira, Angelina Maria Bianchi Botaro, Geraldo Greg\u00f3rio e Maria Jos\u00e9 Cardoso. Como suplentes, temos: Geraldo Marco de Oliveira, Jeov\u00e1 Alves de Oliveira, Odete Costa Brum, Valdinei Amaral Navarro e Terezinha da Silva Alves.</p>\r\n<p style=\"text-align: justify; \">Participaram da solenidade os vereadores Jorge Gerv\u00e1sio (presidente da C\u00e2mara Municipal de Ub\u00e1 - CMU), Jos\u00e9 Roberto Filgueiras (vice-presidente e presidente da Escola do Legislativo), Alexandre Mendes, Edeir Pacheco, Pastor Darci Pires.</p>\r\n<p style=\"text-align: justify; \">Tamb\u00e9m compuseram a mesa da sess\u00e3o solene o prefeito Edson Teixeira Filho, a vereadora de Rodeiro, Luciene Aparecida Paro, o vereador de Visconde do Rio Branco, Gerson Gomes de Freitas, a presidente do Conselho Municipal do Idoso, Marilda Le\u00f4ncio, a presidente da Associa\u00e7\u00e3o de Moradores do Centro, S\u00f4nia Maria Jacob, o analista legislativo da Assembleia Legislativa de Minas Gerais, Ivan Capdeville Junior, a diretora do CAIC, Aparecida Amorim, e o ouvidor Municipal, Misael de Almeida Souza.</p>\r\n<p style=\"text-align: justify; \">Os diplomas foram entregues pelos integrantes da mesa solene e o juramento proferido pela presidente da C\u00e2mara da Melhor Idade, Zuleica Andrade. Durante a cerim\u00f4nia, os membros do projeto homenagearam a Sr.\u00aa Dirce Moura Soares. Vi\u00fava de Francisco Soares Moreira, Dirce \u00e9 m\u00e3e de quatro filhos, entre eles a secret\u00e1ria da CMI, Neuze Maria Soares, e av\u00f3 de oito netos e cinco bisnetos. Caprichosa em seus afazeres dom\u00e9sticos e em seus artesanatos, Dirce faz croch\u00ea, fuxico e bordados. Vai completar 97 anos em 31 de julho de 2019 e \u00e9 uma pessoa muito alegre e cheia de disposi\u00e7\u00e3o, exemplo de vitalidade para todos que a cercam.</p>\r\n<p style=\"text-align: justify; \">Como parlamentar mais idoso desta legislatura, o vereador Pastor Darci Pires discursou congratulando os rec\u00e9m-empossados vereadores da Melhor Idade. O vereador Jos\u00e9 Roberto Reis Filgueiras,\u00a0<span>\u00a0presidente da Escola do Legislativo,\u00a0</span>destacou a import\u00e2ncia da contribui\u00e7\u00e3o da melhor idade para o trabalho do Legislativo.</p>\r\n<p style=\"text-align: justify; \">E ao final da sess\u00e3o, o presidente da Casa, vereador Jorge Gerv\u00e1sio, reiterou as boas-vindas aos membros do projeto, colocando a C\u00e2mara \u00e0 disposi\u00e7\u00e3o para colaborar com as futuras a\u00e7\u00f5es da CMI.</p>\r\n<p style=\"text-align: justify; \"><b>O projeto</b></p>\r\n<p style=\"text-align: justify; \">Institu\u00eddo oficialmente pela Resolu\u00e7\u00e3o n\u00ba 01 de 2019, o projeto C\u00e2mara da Melhor Idade tem o objetivo de propiciar o acesso e o conhecimento das atividades do Poder Legislativo e o papel dos vereadores. Realiza atividades de reflex\u00e3o sobre as principais demandas do munic\u00edpio, al\u00e9m de oportunizar que os participantes apresentem propostas \u00e0 C\u00e2mara para auxiliar na solu\u00e7\u00e3o de importantes quest\u00f5es locais.</p>\r\n<p style=\"text-align: justify; \">O projeto contribui tamb\u00e9m para a forma\u00e7\u00e3o pol\u00edtica dos idosos e o exerc\u00edcio da cidadania, por meio de capacita\u00e7\u00e3o permanente. Iniciativas como esta s\u00e3o meios de aproxima\u00e7\u00e3o entre o Poder P\u00fablico e a sociedade, favorecendo especialmente a constru\u00e7\u00e3o da pol\u00edtica municipal para a pessoa idosa.<b></b></p>\r\n<p style=\"text-align: justify; \">A C\u00e2mara da Melhor Idade \u00e9 composta pelo mesmo n\u00famero de vereadores de Ub\u00e1, com onze membros titulares e cinco suplentes, neste ano com indica\u00e7\u00e3o e apoio das seguintes entidades: Sindicato \u00danico dos Trabalhadores em Educa\u00e7\u00e3o de Minas Gerais, Associa\u00e7\u00e3o de Parapl\u00e9gicos de Ub\u00e1, Associa\u00e7\u00e3o dos Moradores do Bairro Schiavon, Horta Comunit\u00e1ria, Centro de Conviv\u00eancia da Melhor Idade Rosa Mauad Jacob e Associa\u00e7\u00e3o dos Moradores do Bairro S\u00e3o Domingos.</p>\r\n<p style=\"text-align: justify; \">As propostas, sugest\u00f5es e estudos discutidos e apresentados pelos Vereadores da Melhor Idade s\u00e3o analisados e posteriormente encaminhados pelo Legislativo Ubaense aos setores competentes, divulgados e transformados em melhorias para a popula\u00e7\u00e3o.</p>\r\n<p style=\"text-align: justify; \"><i>Por Gisele Caires</i></p>\r\n<p style=\"text-align: justify; \"><i>Jornalista CMU</i></p>\r\n<p style=\"text-align: justify; \">\u00a0</p>", "author_name": "", "version": "1.0", "author_url": "https://www.uba.mg.leg.br/author/comunicacao", "provider_name": " ", "type": "rich"}