{"provider_url": "https://www.uba.mg.leg.br", "title": "Vereadores participam de capacita\u00e7\u00e3o sobre o Regimento Interno da C\u00e2mara", "html": "<p style=\"text-align: justify; \">A C\u00e2mara Municipal de Ub\u00e1 realizou hoje, 28, no plen\u00e1rio do Legislativo Ubaense, mais uma capacita\u00e7\u00e3o para vereadores de Ub\u00e1. Desta vez, o tema foi \u201cRegimento Interno da C\u00e2mara Municipal\u201d.</p>\r\n<p style=\"text-align: justify; \">A capacita\u00e7\u00e3o que tem por objetivo otimizar a atua\u00e7\u00e3o pol\u00edtica dos vereadores, foi ministrada pela diretora Legislativa, Cl\u00e1udia Pereira da Fonseca, pelo assistente de Plen\u00e1rio, Alexandre Augusto da Cunha Dini, pelo assessor Legislativo, Diones Ferreira de Almeida e pela assistente Legislativa, Bruna Mariana Tito. Foram apresentadas as fun\u00e7\u00f5es da Mesa Diretora, as delibera\u00e7\u00f5es do Plen\u00e1rio, o uso da palavra pelo vereador, aparte, quest\u00f5es de ordem, discuss\u00e3o e vota\u00e7\u00e3o das proposi\u00e7\u00f5es, veto e a composi\u00e7\u00e3o das sess\u00f5es plen\u00e1rias. Os vereadores tamb\u00e9m participaram de uma simula\u00e7\u00e3o pr\u00e1tica da reuni\u00e3o ordin\u00e1ria.</p>\r\n<p style=\"text-align: justify; \">Participaram do evento o presidente da CMU, vereador Jos\u00e9 Roberto Reis Filgueiras, o vice-presidente, Edeir Pacheco da Costa, a secret\u00e1ria, Aline Moreira Silva Melo, o 2\u00ba vice-presidente, Gilson Fazolla Filgueiras, e os vereadores, Aparecida S\u00f4nia Ferreira Vidal, C\u00e9lio Lopes dos Santos, Jos\u00e9 Carlos Reis Pereira e Jos\u00e9 Maria Fernandes.</p>\r\n<p style=\"text-align: justify; \">Al\u00e9m deles, estavam presentes o diretor-Geral da CMU, Guilherme Gomes Ribeiro, a procuradora Jur\u00eddica da Casa, Juliana Jacob, o assessor Cont\u00e1bil e Financeiro, Silv\u00e9rio Dias Maciel, o assessor Legislativo II, Lucas Vaz, e o diretor da Escola do Legislativo, Daniel Waquim Ferreira.</p>", "author_name": "", "version": "1.0", "author_url": "https://www.uba.mg.leg.br/author/comunicacao", "provider_name": " ", "type": "rich"}