{"provider_url": "https://www.uba.mg.leg.br", "title": "Vereadores se re\u00fanem em sess\u00e3o extraordin\u00e1ria", "html": "<p>VEREADORES SE RE\u00daNEM EM SESS\u00c3O EXTRAORDIN\u00c1RIA</p>\r\n<p>O Legislativo Ubaense se reuniu, pela primeira vez em 2017, extraordinariamente, na tarde na \u00faltima segunda-feira (30). A reuni\u00e3o foi convocada para a leitura das mat\u00e9rias enviadas pelo Executivo em 23 de janeiro.</p>\r\n<p>S\u00e3o elas: o projeto de Emenda \u00e0 Lei Org\u00e2nica do Munic\u00edpio de Ub\u00e1; o projeto que institui o Programa de Recupera\u00e7\u00e3o Fiscal no Munic\u00edpio de Ub\u00e1, denominado Refis/Ub\u00e1 2017, e autoriza sua reedi\u00e7\u00e3o em exerc\u00edcios posteriores<span class=\"text_exposed_show\">\u00a0nas condi\u00e7\u00f5es que especifica e o projeto que disp\u00f5e sobre a revis\u00e3o geral da remunera\u00e7\u00e3o dos servidores da administra\u00e7\u00e3o p\u00fablica direta e indireta.</span></p>\r\n<div class=\"text_exposed_show\">\r\n<p>Ap\u00f3s a leitura, as mat\u00e9rias ser\u00e3o encaminhadas \u00e0s respectivas comiss\u00f5es que ser\u00e3o formadas, conforme regimento interno, na primeira Reuni\u00e3o Ordin\u00e1ria do ano, que ocorrer\u00e1, na pr\u00f3xima segunda-feira, 6 de fevereiro, \u00e0s 19h, no plen\u00e1rio da C\u00e2mara.</p>\r\n</div>", "author_name": "", "version": "1.0", "author_url": "https://www.uba.mg.leg.br/author/comunicacao", "provider_name": " ", "type": "rich"}