{"provider_url": "https://www.uba.mg.leg.br", "title": "Vetos da Prefeitura pautam Reuni\u00e3o Ordin\u00e1ria na CMU", "html": "<p style=\"text-align: justify; \">Por seis votos a quatro, os vereadores da C\u00e2mara Municipal de Ub\u00e1, rejeitaram, durante Reuni\u00e3o Ordin\u00e1ria da \u00faltima segunda-feira (18/09), o veto total da Prefeitura ao Projeto de Lei n\u00b0 29/17, de autoria do vereador Darci Pires da Silva, e que \u201cDisp\u00f5e sobre a implanta\u00e7\u00e3o do projeto Bem Viver nos bairros e distritos do munic\u00edpio de Ub\u00e1 e d\u00e1 outras provid\u00eancias\u201d.</p>\r\n<p style=\"text-align: justify; \">Embora considerando elogi\u00e1vel a iniciativa do vereador autor do projeto, a Prefeitura justificou o veto alegando que o mesmo aumentaria as despesas para a administra\u00e7\u00e3o p\u00fablica.</p>\r\n<p style=\"text-align: justify; \">No entanto, a maioria dos vereadores votou em manter a mat\u00e9ria que j\u00e1 havia sido aprovada por unanimidade. Eles entenderam que ela possibilitar\u00e1 uma maior aproxima\u00e7\u00e3o entre o Poder P\u00fablico e a comunidade \u201ca partir da oportunidade de amplia\u00e7\u00e3o da participa\u00e7\u00e3o dos moradores nas a\u00e7\u00f5es governamentais de sa\u00fade, educa\u00e7\u00e3o, seguran\u00e7a, assist\u00eancia social, esporte, cultura e lazer, bem como fazendo com que a Prefeitura conhe\u00e7a melhor a realidade de cada localidade, a evolu\u00e7\u00e3o da consci\u00eancia social dos moradores, acompanhar suas reivindica\u00e7\u00f5es e conhecer seus anseios e demandas\u201d.</p>\r\n<p style=\"text-align: justify; \">Ap\u00f3s a vota\u00e7\u00e3o, a C\u00e2mara Municipal de Ub\u00e1 encaminhou o projeto ao Prefeito para promulga\u00e7\u00e3o.</p>\r\n<p style=\"text-align: justify; \"><b>Veto mantido</b></p>\r\n<p style=\"text-align: justify; \">Por outro lado, os vereadores aceitaram, em unanimidade, o veto total aposto pelo prefeito de Ub\u00e1 ao projeto de Lei n\u00b0 31/17, tamb\u00e9m de autoria do vereador Darci Pires da Silva, que \u201cInstitui a obrigatoriedade de faixas de pedestres ou de seguran\u00e7a com sinaliza\u00e7\u00e3o que informe o sentido de circula\u00e7\u00e3o de vias\u201d.</p>\r\n<p style=\"text-align: justify; \">Uma das justificativas do veto est\u00e1 no fato de que cabe \u00e0 Uni\u00e3o legislar sobre o tr\u00e2nsito. O prefeito informou tamb\u00e9m que, no tocante \u00e0 sinaliza\u00e7\u00e3o vi\u00e1ria, \u201cembora seja compet\u00eancia administrativa do Munic\u00edpio sua implanta\u00e7\u00e3o e manuten\u00e7\u00e3o, a mesma deve seguir as normas expedidas pelos \u00f3rg\u00e3os federais afetos \u00e0 \u00e1rea\u201d.\u00a0</p>\r\n<p style=\"text-align: justify; \"><b>Crise h\u00eddrica </b></p>\r\n<p style=\"text-align: justify; \">Diante do cen\u00e1rio atual de constante falta d\u2019\u00e1gua em Ub\u00e1, os vereadores est\u00e3o buscando medidas que possam, ao menos, amenizar o problema. A vereadora Jane Cristina Lacerda Pinto, por exemplo, entrou com a Indica\u00e7\u00e3o 624/17, solicitando ao prefeito \u201ca realiza\u00e7\u00e3o de estudos t\u00e9cnicos que possibilitem a cria\u00e7\u00e3o de uma Comiss\u00e3o Especial para o Acompanhamento da Crise H\u00eddrica em Ub\u00e1, que tenha por objetivo acompanhar os problemas de desabastecimento de \u00e1gua para a popula\u00e7\u00e3o neste per\u00edodo de estiagem em que o munic\u00edpio atravessa e buscar solu\u00e7\u00f5es para o enfrentamento do problema\u201d.</p>\r\n<p style=\"text-align: justify; \">Da mesma forma, os vereadores Edeir Pacheco, Gilson Fazolla Filgueiras e Joseli An\u00edsio Pinto, entraram com a Representa\u00e7\u00e3o 068/17, solicitando ao gerente da Copasa em Ub\u00e1, Leandro Borges da Cruz, a disponibilidade da frota de caminh\u00f5es-pipa para o abastecimento das resid\u00eancias no munic\u00edpio, devido ao longo per\u00edodo de escassez h\u00eddrica. \u00a0</p>\r\n<p style=\"text-align: justify; \">Importante destacar que as duas proposi\u00e7\u00f5es foram aprovadas por unanimidade entre os edis.</p>\r\n<p style=\"text-align: justify; \"><span>Por Rafaela Namorato - Assessoria de Comunica\u00e7\u00e3o CMU</span></p>\r\n<p>\u00a0</p>", "author_name": "", "version": "1.0", "author_url": "https://www.uba.mg.leg.br/author/comunicacao", "provider_name": " ", "type": "rich"}