{"provider_url": "https://www.uba.mg.leg.br", "title": "Concursos", "html": "<p><img src=\"https://www.uba.mg.leg.br/transparencia/concurso/bannerConcursos.png\" alt=\"\" title=\"\" class=\"image-inline\" width=\"100%\" /></p>\r\n<hr />\r\n<h3>Processo Seletivo n\u00ba 01/2023</h3>\r\n<hr />\r\n<p><br />06/03/2023 - <strong><a title=\"\" href=\"https://www.uba.mg.leg.br/transparencia/concurso/processo-seletivo-01-2023/convocacao-ps-01_2023-doe-2163.pdf\" class=\"internal-link\" target=\"_blank\">Convoca\u00e7\u00e3o dos aprovados no\u00a0Processo Seletivo n\u00ba 01/2023 - DOE 2163</a></strong></p>\r\n<p><span>28/02/2023 - <strong><a title=\"\" href=\"https://www.uba.mg.leg.br/transparencia/concurso/processo-seletivo-01-2023/classificacao-ps01_2023-doe-2159.pdf\" class=\"internal-link\" target=\"_blank\">Resultado - Classifica\u00e7\u00e3o do\u00a0Processo Seletivo n\u00ba 01/2023 - DOE 2159</a></strong></span></p>\r\n<p><strong><a title=\"\" href=\"https://www.uba.mg.leg.br/transparencia/concurso/processo-seletivo-01-2023/lista-de-inscritos.pdf\" class=\"internal-link\" target=\"_blank\">Lista de candidatos para o\u00a0Processo Seletivo n\u00ba 01/2023</a></strong></p>\r\n<p>15/02/2023 - <strong><a title=\"\" href=\"https://www.uba.mg.leg.br/transparencia/concurso/processo-seletivo-01-2023/publicacao-edital-doe2153.pdf\" class=\"internal-link\" target=\"_blank\">Publica\u00e7\u00e3o no Di\u00e1ria Eletr\u00f4nico do Edital do\u00a0Processo Seletivo n\u00ba 01/2023</a></strong></p>\r\n<p>14/02/2023 - <strong><a title=\"\" href=\"https://www.uba.mg.leg.br/transparencia/concurso/processo-seletivo-01-2023/edital-processo-seletivo-01-2023.pdf\" class=\"internal-link\" target=\"_blank\">Edital do Processo Seletivo n\u00ba 01/2023</a></strong></p>\r\n<hr />\r\n<h3>Concurso P\u00fablico n\u00ba 01/2020</h3>\r\n<hr />\r\n<p>\u00a0<br /><span>20/02/2020 -\u00a0</span><strong><a title=\"\" href=\"https://www.uba.mg.leg.br/transparencia/concurso/concurso2020/publicacao-da-retificacao-03-do-edital-01-2020-no-jornal-o-tempo.pdf\" class=\"internal-link\" target=\"_blank\">Publica\u00e7\u00e3o da\u00a0retifica\u00e7\u00e3o 03 do Edital 01/2020 no jornal O Tempo</a></strong></p>\r\n<p>20/02/2020 -\u00a0<strong><a title=\"\" href=\"https://www.uba.mg.leg.br/transparencia/concurso/concurso2020/publicacao-da-retificacao-03-do-edital-01-2020.pdf\" class=\"internal-link\" target=\"_blank\">Publica\u00e7\u00e3o da\u00a0retifica\u00e7\u00e3o 03 do Edital 01/2020</a></strong></p>\r\n<p><span>20/02/2020 -\u00a0<strong><a title=\"\" href=\"https://www.uba.mg.leg.br/transparencia/concurso/concurso2020/retificacao-03-do-edital-01-2020.pdf\" class=\"internal-link\" target=\"_blank\">Retifica\u00e7\u00e3o 03 do Edital 01/2020</a></strong></span></p>\r\n<p><span>30/01/2020 -\u00a0<strong><a title=\"\" href=\"https://www.uba.mg.leg.br/transparencia/concurso/concurso2020/publicacao-da-retificacao-02-do-edital-01-2020-no-jornal-o-tempo.pdf\" class=\"internal-link\" target=\"_blank\">Publica\u00e7\u00e3o da retifica\u00e7\u00e3o 02 do Edital 01-2020 no Jornal O Tempo</a></strong></span></p>\r\n<p>30/01/2020 - <strong><a title=\"\" href=\"https://www.uba.mg.leg.br/transparencia/concurso/concurso2020/publicacao-da-retificacao-02-do-edital-01-2020.pdf\" class=\"internal-link\" target=\"_blank\">Publica\u00e7\u00e3o da\u00a0retifica\u00e7\u00e3o 02 do Edital 01/2020</a></strong></p>\r\n<p>30/01/2020 -\u00a0<strong><a title=\"\" href=\"https://www.uba.mg.leg.br/transparencia/concurso/concurso2020/retificacao-02-edital-01-2020-concurso-publico.pdf\" class=\"internal-link\" target=\"_blank\">Retifica\u00e7\u00e3o 02 do Edital 01/2020</a></strong></p>\r\n<p>21/01/2020 -\u00a0<strong><a title=\"\" href=\"https://www.uba.mg.leg.br/transparencia/concurso/concurso2020/publicacao-da-retificacao-01-do-concurso-01-2020-no-jornal-o-tempo.pdf\" class=\"internal-link\" target=\"_blank\">Publica\u00e7\u00e3o da Retifica\u00e7\u00e3o 01 do Concurso P\u00fablico 01/2020 no jornal O Tempo</a></strong></p>\r\n<p>21/01/2020 -\u00a0<strong><a title=\"\" href=\"https://www.uba.mg.leg.br/transparencia/concurso/concurso2020/retificacao-01-do-edital-012020-concurso-publico.pdf\" class=\"internal-link\" target=\"_blank\">Retifica\u00e7\u00e3o 01 do Edital 01/2020</a></strong></p>\r\n<p><span>21/01/2020 - <strong><a title=\"\" href=\"https://www.uba.mg.leg.br/transparencia/concurso/concurso2020/publicacao-de-extrato-do-concurso-publico-01-2020-1.pdf\" class=\"internal-link\" target=\"_blank\">Publica\u00e7\u00e3o de Extrato do Concurso P\u00fablico 01/2020</a></strong></span></p>\r\n<p><span>20/01/2020 - <strong><a title=\"\" href=\"https://www.uba.mg.leg.br/transparencia/concurso/concurso2020/publicacao-de-extrato-do-concurso-publico-01-2020-no-jornal-o-tempo.pdf\" class=\"internal-link\" target=\"_blank\">Publica\u00e7\u00e3o de Extrato do Concurso P\u00fablico 01/2020 no jornal O Tempo</a></strong></span></p>\r\n<p>20/01/2020 - <strong><a title=\"\" href=\"https://www.uba.mg.leg.br/transparencia/concurso/concurso2020/publicacao-de-extrato-do-concurso-publico-01-2020.pdf\" class=\"internal-link\" target=\"_blank\">Publica\u00e7\u00e3o de Extrato do Concurso P\u00fablico 01/2020</a></strong></p>\r\n<p>20/01/2020 - <strong><a title=\"\" href=\"https://www.uba.mg.leg.br/transparencia/concurso/concurso2020/edital-concurso-publico-01-2020.pdf\" class=\"internal-link\" target=\"_blank\">Edital do Concurso P\u00fablico 01/2020</a></strong></p>\r\n<hr />\r\n<h3><strong>Processo Seletivo n\u00ba 01/2019</strong></h3>\r\n<hr />\r\n<p style=\"text-align: left; \"><span><br />O Cancelamento do Processo Seletivo foi feito na data do dia 12/04/2019, por\u00e9m s\u00f3 ser\u00e1 divulgado no Di\u00e1rio Oficial Eletr\u00f4nico do munic\u00edpio de Ub\u00e1 no dia 15/04/2019.</span></p>\r\n<p style=\"text-align: left; \"><span>12/04/2019 - <strong><a title=\"\" href=\"https://www.uba.mg.leg.br/transparencia/concurso/processo-seletivo-1-2019/cancelamento-do-processo-seletivo.pdf\" class=\"internal-link\" target=\"_blank\">CANCELAMENTO DO PROCESSO SELETIVO</a></strong></span></p>\r\n<p style=\"text-align: left; \"><span>12/04/2019 -\u00a0</span><strong><a title=\"\" href=\"https://www.uba.mg.leg.br/transparencia/concurso/processo-seletivo-1-2019/resultado-final-e-homologacao.pdf\" class=\"internal-link\" target=\"_blank\">Resultado Final e Homologa\u00e7\u00e3o</a></strong></p>\r\n<p style=\"text-align: left; \">11/04/2019 - <strong><a title=\"\" href=\"https://www.uba.mg.leg.br/transparencia/concurso/processo-seletivo-1-2019/julgamento-do-recurso-administrativo-paulo-victor-micheli-moraes.pdf\" class=\"internal-link\" target=\"_blank\">Julgamento do Recurso Administrativo - Paulo Victor Micheli Moraes</a></strong></p>\r\n<p style=\"text-align: left; \">11/04/2019 - <strong><a title=\"\" href=\"https://www.uba.mg.leg.br/transparencia/concurso/processo-seletivo-1-2019/julgamento-do-recurso-administrativo-leonardo-jacob-daniel.pdf\" class=\"internal-link\" target=\"_blank\">Julgamento do Recurso Administrativo - Leonardo Jacob Daniel</a></strong></p>\r\n<p style=\"text-align: left; \">09/04/2019 - <strong><a title=\"\" href=\"https://www.uba.mg.leg.br/transparencia/concurso/processo-seletivo-1-2019/pontuacao-final.pdf\" class=\"internal-link\" target=\"_blank\">Pontua\u00e7\u00e3o Final</a></strong></p>\r\n<p style=\"text-align: left; \">05/04/2019 - <strong><a title=\"\" href=\"https://www.uba.mg.leg.br/transparencia/concurso/processo-seletivo-1-2019/retificacao-do-processo-seletivo-simplificado.pdf\" class=\"internal-link\" target=\"_blank\">Retifica\u00e7\u00e3o Parcial do Edital</a></strong></p>\r\n<p style=\"text-align: left; \">05/04/2019 - <strong><a title=\"\" href=\"https://www.uba.mg.leg.br/transparencia/concurso/processo-seletivo-1-2019/lista-classificados-1-fase.pdf\" class=\"internal-link\" target=\"_blank\">Rela\u00e7\u00e3o de Classificados para a Etapa de Entrevistas</a></strong></p>\r\n<p style=\"text-align: left; \">29/03/2019 -\u00a0<strong><a title=\"\" href=\"https://www.uba.mg.leg.br/transparencia/concurso/processo-seletivo-1-2019/relacao-de-inscritos.pdf\" class=\"internal-link\" target=\"_blank\">Rela\u00e7\u00e3o de Inscritos</a></strong></p>\r\n<p style=\"text-align: left; \">22/03/2019 - <strong><a title=\"\" href=\"https://www.uba.mg.leg.br/transparencia/concurso/processo-seletivo-1-2019/edital-de-processo-seletivo-retificado.pdf\" class=\"internal-link\" target=\"_blank\">Edital de Processo Seletivo Retificado</a></strong></p>\r\n<hr />\r\n<h3><strong>Concurso P\u00fablico n\u00ba 01/2007</strong></h3>\r\n<hr />\r\n<p><strong><a title=\"\" href=\"https://www.uba.mg.leg.br/transparencia/concurso/concurso-pdf/edital.pdf\" class=\"internal-link\" target=\"_blank\"><br />Edital do concurso n\u00ba 01/2007</a></strong></p>\r\n<p>24/09/2007 -\u00a0<strong><a title=\"\" href=\"https://www.uba.mg.leg.br/transparencia/concurso/concurso-pdf/errata.pdf\" class=\"internal-link\" target=\"_blank\">Errata</a></strong></p>\r\n<p><strong><a title=\"\" href=\"https://www.uba.mg.leg.br/transparencia/concurso/concurso-pdf/retificacao.pdf\" class=\"internal-link\" target=\"_blank\">Retifica\u00e7\u00e3o</a></strong></p>\r\n<p><strong><a title=\"\" href=\"https://www.uba.mg.leg.br/transparencia/concurso/concurso-pdf/resultado.pdf\" class=\"internal-link\" target=\"_blank\">Resultado</a></strong></p>\r\n<p>08/01/2008 -\u00a0<strong><a title=\"\" href=\"https://www.uba.mg.leg.br/transparencia/concurso/concurso-pdf/edital.pdf\" class=\"internal-link\" target=\"_blank\">Portaria n\u00ba 01/2008 de homologa\u00e7\u00e3o do concurso</a></strong></p>\r\n<p style=\"text-align: right; \"><a title=\"\" href=\"https://www.uba.mg.leg.br/transparencia/lei-de-acesso-a-informacao\" class=\"internal-link\" target=\"_self\">Voltar</a></p>", "author_name": "", "version": "1.0", "author_url": "https://www.uba.mg.leg.br/author/informatica", "provider_name": " ", "type": "rich"}