{"provider_url": "https://www.uba.mg.leg.br", "title": "Telefones e E-mails Corporativos", "html": "<p><img src=\"https://www.uba.mg.leg.br/transparencia/bannertelefones.png\" alt=\"bannerTelefones.png\" title=\"bannerTelefones.png\" class=\"image-inline\" width=\"100%\" /></p>\r\n<table class=\"plain\">\r\n<tbody>\r\n<tr><th>\r\n<p>Setor</p>\r\n</th><th>E-mail</th><th>Telefone</th></tr>\r\n<tr>\r\n<td>\r\n<p>Recep\u00e7\u00e3o</p>\r\n</td>\r\n<td>\r\n<p>atendimento@uba.mg.leg.br</p>\r\n</td>\r\n<td style=\"text-align: center; \">3539-5000</td>\r\n</tr>\r\n<tr>\r\n<td colspan=\"3\">\r\n<p><strong>Setor Administrativo</strong></p>\r\n</td>\r\n</tr>\r\n<tr>\r\n<td><span>Diretoria Geral</span></td>\r\n<td>\r\n<p>diretoria@uba.mg.leg.br</p>\r\n</td>\r\n<td style=\"text-align: center; \"><span>3539-</span>5016</td>\r\n</tr>\r\n<tr>\r\n<td><span>Eventos (empr\u00e9stimo de plen\u00e1rio)</span></td>\r\n<td>\r\n<p>diretoradministrativo@uba.mg.leg.br</p>\r\n<p>assessoradministrativo@uba.mg.leg.br</p>\r\n</td>\r\n<td style=\"text-align: center; \"><span>3539-</span><span>5010</span></td>\r\n</tr>\r\n<tr>\r\n<td><span>Inform\u00e1tica</span></td>\r\n<td>\r\n<p>informatica@uba.mg.leg.br</p>\r\n</td>\r\n<td style=\"text-align: center; \"><span><span>3539-</span><span>5013</span></span></td>\r\n</tr>\r\n<tr>\r\n<td><span>Recursos Humanos</span></td>\r\n<td>\r\n<p>pessoal@uba.mg.leg.br</p>\r\n</td>\r\n<td style=\"text-align: center; \"><span><span><span>3539-</span><span>5019</span></span></span></td>\r\n</tr>\r\n<tr>\r\n<td colspan=\"3\">\r\n<p><strong>Setor de Comunica\u00e7\u00e3o</strong></p>\r\n</td>\r\n</tr>\r\n<tr>\r\n<td>Assessoria de Comunica\u00e7\u00e3o</td>\r\n<td>\r\n<p>comunicacao@uba.mg.leg.br</p>\r\n</td>\r\n<td style=\"text-align: center; \"><span>3539-</span>5032</td>\r\n</tr>\r\n<tr>\r\n<td><span>Comunica\u00e7\u00e3o (Jornalista)</span></td>\r\n<td>\r\n<p><span>jornalismo</span><span>@uba.mg.leg.br</span></p>\r\n</td>\r\n<td style=\"text-align: center; \"><span>3539-</span>5005</td>\r\n</tr>\r\n<tr>\r\n<td><span>Multim\u00eddia (Transmiss\u00f5es de Reuni\u00f5es)</span></td>\r\n<td>\r\n<p><span>multimidia@uba.mg.leg.br</span></p>\r\n</td>\r\n<td style=\"text-align: center; \"><span></span></td>\r\n</tr>\r\n<tr>\r\n<td colspan=\"3\">\r\n<p><strong>Setor Legislativo</strong></p>\r\n</td>\r\n</tr>\r\n<tr>\r\n<td>Diretor Legislativo</td>\r\n<td>\r\n<p>legislativo@uba.mg.leg.br</p>\r\n</td>\r\n<td style=\"text-align: center; \"><span>3539-</span>5001</td>\r\n</tr>\r\n<tr>\r\n<td><span>Assessor Legislativo</span></td>\r\n<td>\r\n<p><span>assessorlegislativo@uba.mg.leg.br</span></p>\r\n<p><span>assessorlegislativo2@uba.mg.leg.br</span></p>\r\n</td>\r\n<td style=\"text-align: center; \">\r\n<p><span>3539-</span>5017</p>\r\n</td>\r\n</tr>\r\n<tr>\r\n<td>Assistente de Comiss\u00f5es</td>\r\n<td>\r\n<p>comissoes@uba.mg.leg.br</p>\r\n</td>\r\n<td style=\"text-align: center; \">---</td>\r\n</tr>\r\n<tr>\r\n<td><span>Assistente Legislativo</span></td>\r\n<td>\r\n<p><span>assistentelegislativo@uba.mg.leg.br</span></p>\r\n</td>\r\n<td style=\"text-align: center; \">---</td>\r\n</tr>\r\n<tr>\r\n<td>Assistente de Plen\u00e1rio</td>\r\n<td>\r\n<p><span>assistenteplenario</span><span>@uba.mg.leg.br</span></p>\r\n</td>\r\n<td style=\"text-align: center; \">---</td>\r\n</tr>\r\n<tr>\r\n<td colspan=\"3\">\r\n<p><strong>Setor Cont\u00e1bil</strong></p>\r\n</td>\r\n</tr>\r\n<tr>\r\n<td>Contabilidade</td>\r\n<td>\r\n<p>contabilidade<span>@uba.mg.leg.br</span></p>\r\n</td>\r\n<td style=\"text-align: center; \"><span>3539-</span>5012</td>\r\n</tr>\r\n<tr>\r\n<td colspan=\"3\">\r\n<p><strong>Setor Controle Interno</strong></p>\r\n</td>\r\n</tr>\r\n<tr>\r\n<td>Controle Interno</td>\r\n<td>\r\n<p>controleinterno@uba.mg.leg.br</p>\r\n</td>\r\n<td style=\"text-align: center; \">3539-5012</td>\r\n</tr>\r\n<tr>\r\n<td colspan=\"3\">\r\n<p><strong>Setor Escola do Legislativo</strong></p>\r\n</td>\r\n</tr>\r\n<tr>\r\n<td>Escola do Legislativo</td>\r\n<td>\r\n<p>escoladolegislativo<span>@uba.mg.leg.br</span></p>\r\n</td>\r\n<td style=\"text-align: center; \"><span>3539-</span>5018</td>\r\n</tr>\r\n<tr>\r\n<td colspan=\"3\">\r\n<p><strong>Setor Jur\u00eddico</strong></p>\r\n</td>\r\n</tr>\r\n<tr>\r\n<td>Procurador\u00a0</td>\r\n<td>\r\n<p><span>juridico</span><span>@uba.mg.leg.br</span></p>\r\n</td>\r\n<td style=\"text-align: center; \"><span>3539-</span>5026</td>\r\n</tr>\r\n<tr>\r\n<td colspan=\"3\">\r\n<p><strong>Setor de Licita\u00e7\u00e3o</strong></p>\r\n</td>\r\n</tr>\r\n<tr>\r\n<td>Patrim\u00f4nio, Licita\u00e7\u00e3o e Compras</td>\r\n<td>\r\n<p>licitacao<span>@uba.mg.leg.br</span></p>\r\n<p><span>compras@uba.mg.leg.br</span></p>\r\n<p><span>cotacao@uba.mg.leg.br</span></p>\r\n</td>\r\n<td style=\"text-align: center; \"><span>3539-</span>5007</td>\r\n</tr>\r\n<tr>\r\n<td colspan=\"3\">\r\n<p><strong>Vereadores</strong></p>\r\n</td>\r\n</tr>\r\n<tr>\r\n<td>\r\n<p>Vereador Andr\u00e9 Alves</p>\r\n</td>\r\n<td>andre.alves@uba.mg.leg.br</td>\r\n<td style=\"text-align: center; \">3539-5004</td>\r\n</tr>\r\n<tr>\r\n<td>\r\n<p>Vereador Lek</p>\r\n</td>\r\n<td>alexandre.mendes@uba.mg.leg.br</td>\r\n<td style=\"text-align: center; \">3539-5014</td>\r\n</tr>\r\n<tr>\r\n<td>\r\n<p><span>Vereadora Aline Melo</span></p>\r\n</td>\r\n<td><span>aline.melo@uba.me.leg.br</span></td>\r\n<td style=\"text-align: center; \">3539-5024</td>\r\n</tr>\r\n<tr>\r\n<td>\r\n<p>Vereador Breno Reis</p>\r\n</td>\r\n<td>breno.reis@uba.mg.leg.br</td>\r\n<td style=\"text-align: center; \">3539-5006</td>\r\n</tr>\r\n<tr>\r\n<td>\r\n<p>Vereador Domingos Trindade</p>\r\n</td>\r\n<td>domingos.trindade@uba.mg.leg.br</td>\r\n<td style=\"text-align: center; \">3539-5029</td>\r\n</tr>\r\n<tr>\r\n<td>\r\n<p>Vereador Edeir Pacheco</p>\r\n</td>\r\n<td>edeir.pacheco@uba.mg.leg.br</td>\r\n<td style=\"text-align: center; \">3539-5022</td>\r\n</tr>\r\n<tr>\r\n<td>\r\n<p>Vereador Gilson Pica Pau</p>\r\n</td>\r\n<td>gilson.fazolla@uba.mg.leg.br</td>\r\n<td style=\"text-align: center; \">3539-5009</td>\r\n</tr>\r\n<tr>\r\n<td>\r\n<p>Vereadora Jane Lacerda</p>\r\n</td>\r\n<td>jane.lacerda@uba.mg.leg.br</td>\r\n<td style=\"text-align: center; \">3539-5008</td>\r\n</tr>\r\n<tr>\r\n<td>\r\n<p>Vereador Jos\u00e9 Maria</p>\r\n</td>\r\n<td>jose.maria@uba.mg.leg.br</td>\r\n<td style=\"text-align: center; \">3539-5025</td>\r\n</tr>\r\n<tr>\r\n<td>\r\n<p>Vereador Jos\u00e9 Roberto</p>\r\n</td>\r\n<td>jose.roberto@uba.mg.leg.br</td>\r\n<td style=\"text-align: center; \">3539-5035</td>\r\n</tr>\r\n<tr>\r\n<td>\r\n<p>Vereador Lucas Zocoli</p>\r\n</td>\r\n<td>lucas.zocoli@uba.mg.leg.br</td>\r\n<td style=\"text-align: center; \">3539-5021</td>\r\n</tr>\r\n<tr>\r\n<td>\r\n<p>Vereador Paulo Cezar</p>\r\n</td>\r\n<td>paulo.cezar@uba.mg.leg.br</td>\r\n<td style=\"text-align: center; \">3539-5040</td>\r\n</tr>\r\n<tr>\r\n<td>\r\n<p>Vereador Renato Vieira</p>\r\n</td>\r\n<td>renato.vieira@uba.mg.leg.br</td>\r\n<td style=\"text-align: center; \">3539-5002</td>\r\n</tr>\r\n<tr>\r\n<td>\r\n<p>Vereador Samuel Soares</p>\r\n</td>\r\n<td>samuel.soares@uba.mg.leg.br</td>\r\n<td style=\"text-align: center; \">3539-5003</td>\r\n</tr>\r\n<tr>\r\n<td>\r\n<p>Vereadora Soninha</p>\r\n</td>\r\n<td>soninha@uba.mg.leg.br</td>\r\n<td style=\"text-align: center; \">3539-5020</td>\r\n</tr>\r\n</tbody>\r\n</table>\r\n<p style=\"text-align: right; \"><a title=\"\" href=\"https://www.uba.mg.leg.br/transparencia/lei-de-acesso-a-informacao\" class=\"internal-link\" target=\"_self\">Voltar</a></p>", "author_name": "", "version": "1.0", "author_url": "https://www.uba.mg.leg.br/author/informatica", "provider_name": " ", "type": "rich"}