{"provider_url": "https://www.uba.mg.leg.br", "title": "Perguntas Frequentes Ouvidoria", "html": "<h3 style=\"text-align: center; \"><strong>PERGUNTAS FREQUENTES QUANTO A OUVIDORIA</strong></h3>\r\n<h3>\u00a0<br />\u00a0</h3>\r\n<p><strong><a class=\"anchor-link\" href=\"#1--o-que---uma-manifesta--o-\" target=\"_self\" title=\"\">1. O que \u00e9 uma manifesta\u00e7\u00e3o?</a></strong></p>\r\n<p><strong><a class=\"anchor-link\" href=\"#2--quais-s-o-os-tipos-de-manifesta--o-\" target=\"_self\" title=\"\">2. Quais s\u00e3o os tipos de manifesta\u00e7\u00e3o?</a></strong></p>\r\n<p><strong><a class=\"anchor-link\" href=\"#3--o-que-relatar-nas-manifesta--es-de-den-ncia-\" target=\"_self\" title=\"\">3. O que relatar nas manifesta\u00e7\u00f5es de den\u00fancia?</a></strong></p>\r\n<p><strong><a class=\"anchor-link\" href=\"#4--qual---o-procedimento-da-ouvidoria-da-c-mara-municipal-de-ub--quando-recebe-sua-manifesta--o-do-tipo-den-ncia-\" target=\"_self\" title=\"\">4. Qual \u00e9 o procedimento da Ouvidoria da C\u00e2mara Municipal de Ub\u00e1 quando recebe sua manifesta\u00e7\u00e3o do tipo Den\u00fancia?</a></strong></p>\r\n<p><strong><a class=\"anchor-link\" href=\"#5--quem-pode-cadastrar-manifesta--o-na-ouvidoria-da-c-mara-municipal-de-ub--\" target=\"_self\" title=\"\">5. Quem pode cadastrar manifesta\u00e7\u00e3o na Ouvidoria da C\u00e2mara Municipal de Ub\u00e1?</a></strong></p>\r\n<p><strong><a class=\"anchor-link\" href=\"#6--como-posso-cadastrar-uma-manifesta--o-na-ouvidoria-da-c-mara-municipal-de-ub--\" target=\"_self\" title=\"\">6. Como posso cadastrar uma manifesta\u00e7\u00e3o na Ouvidoria da C\u00e2mara Municipal de Ub\u00e1?</a></strong></p>\r\n<p><strong><a class=\"anchor-link\" href=\"#7--eu-preciso-me-identificar-para-fazer-uma-manifesta--o--h--possibilidade-de-fazer-uma-manifesta--o-de-forma-an-nima-\" target=\"_self\" title=\"\">7. Eu preciso me identificar para fazer uma manifesta\u00e7\u00e3o? H\u00e1 possibilidade de fazer uma manifesta\u00e7\u00e3o de forma an\u00f4nima?</a></strong></p>\r\n<p><strong><a class=\"anchor-link\" href=\"#8--o-que-acontece-com-a-manifesta--o-ap-s-o-registro-\" target=\"_self\" title=\"\">8. O que acontece com a manifesta\u00e7\u00e3o ap\u00f3s o registro?</a></strong></p>\r\n<p><strong><a class=\"anchor-link\" href=\"#9----poss-vel-o-usu-rio-alterar-a-manifesta--o-depois-que-foi-enviada-\" target=\"_self\" title=\"\">9. \u00c9 poss\u00edvel o usu\u00e1rio alterar a manifesta\u00e7\u00e3o depois que foi enviada?</a></strong></p>\r\n<p><strong><a class=\"anchor-link\" href=\"#10--fiz-uma-manifesta--o-mas-quero-complement--la--adicionar-relatos--anexos--etc---como-posso-fazer-isso-\" target=\"_self\" title=\"\">10. Fiz uma manifesta\u00e7\u00e3o mas quero complement\u00e1-la (adicionar relatos, anexos, etc). Como posso fazer isso?</a></strong></p>\r\n<p><strong><a class=\"anchor-link\" href=\"#11--qual-o-prazo-para-receber-a-resposta-\" target=\"_self\" title=\"\">11. Qual o prazo para receber a resposta?</a></strong></p>\r\n<p>\u00a0</p>\r\n<hr />\r\n<h3><a name=\"1--o-que---uma-manifesta--o-\"></a><strong><br />1. O que \u00e9 uma\u00a0<span class=\"ZA9Nm C9DxTc \">manifesta\u00e7\u00e3o</span><span>?</span></strong></h3>\r\n<p style=\"text-align: justify; \"><br />A manifesta\u00e7\u00e3o \u00e9 uma forma do usu\u00e1rio expressar para a Ouvidoria seus anseios, ang\u00fastias, d\u00favidas, opini\u00f5es e sua satisfa\u00e7\u00e3o ou insatisfa\u00e7\u00e3o com um atendimento ou servi\u00e7o recebido. Assim, pode auxiliar o Poder P\u00fablico a aprimorar a gest\u00e3o de pol\u00edticas e servi\u00e7os, ou a combater a pr\u00e1tica de atos il\u00edcitos.</p>\r\n<h3><a name=\"2--quais-s-o-os-tipos-de-manifesta--o-\"></a><strong><span class=\"ZA9Nm C9DxTc \"><br />2. Quais s\u00e3o os tipos de manifesta\u00e7\u00e3o</span><span class=\"ZA9Nm C9DxTc \">?</span></strong></h3>\r\n<p style=\"text-align: justify; \"><span><br /><span class=\"C9DxTc \"><strong>Elogio:</strong>\u00a0</span><span class=\"C9DxTc \">demonstra\u00e7\u00e3o de reconhecimento ou satisfa\u00e7\u00e3o sobre o servi\u00e7o oferecido ou atendimento recebido.</span></span></p>\r\n<p style=\"text-align: justify; \"><span><span class=\"C9DxTc \"><strong>Solicita\u00e7\u00e3o:</strong>\u00a0</span><span class=\"C9DxTc \">requerimento de ado\u00e7\u00e3o de provid\u00eancia por parte da Administra\u00e7\u00e3o.</span></span></p>\r\n<p style=\"text-align: justify; \"><span><span class=\"C9DxTc \"><span class=\"C9DxTc \"><strong>Sugest\u00e3o:</strong>\u00a0</span><span class=\"C9DxTc \">proposi\u00e7\u00e3o de ideia ou formula\u00e7\u00e3o de proposta de aprimoramento de pol\u00edticas e servi\u00e7os prestados pela Administra\u00e7\u00e3o P\u00fablica.</span></span></span></p>\r\n<p style=\"text-align: justify; \"><span><span class=\"C9DxTc \"><span class=\"C9DxTc \"><span class=\"C9DxTc \"><strong>Reclama\u00e7\u00e3o:</strong>\u00a0</span><span class=\"C9DxTc \">a reclama\u00e7\u00e3o \u00e9 a demonstra\u00e7\u00e3o de insatisfa\u00e7\u00e3o relativa \u00e0 presta\u00e7\u00e3o de servi\u00e7o p\u00fablico e \u00e0 conduta de agentes p\u00fablicos na presta\u00e7\u00e3o e na fiscaliza\u00e7\u00e3o desse servi\u00e7o. Em outras palavras, diz respeito ao servi\u00e7o mal executado, tais como o contrato que n\u00e3o \u00e9 cumprido, o atendimento sem o devido respeito; o n\u00e3o cumprimento de prazos, o servi\u00e7o que n\u00e3o atende aos requisitos esperados. Aqui em geral \u00e9 o cidad\u00e3o defendendo o seu pr\u00f3prio direito/interesse lesado.</span></span></span></span></p>\r\n<p><strong><span class=\"C9DxTc \">Den\u00fancia:</span></strong><span class=\"C9DxTc \">\u00a0</span><span class=\"C9DxTc \">envolve\u00a0</span><span class=\"C9DxTc \">a comunica\u00e7\u00e3o de infra\u00e7\u00f5es disciplinares, crimes, pr\u00e1ticas de atos de corrup\u00e7\u00e3o, m\u00e1 utiliza\u00e7\u00e3o dos recursos p\u00fablicos ou improbidade administrativa que venham ferir a \u00e9tica e a legisla\u00e7\u00e3o, bem como, as viola\u00e7\u00f5es de direitos. Enquadram-se aqui as\u00a0</span><span class=\"C9DxTc \">condutas de ass\u00e9dio moral e sexual</span><span class=\"C9DxTc \">. Apresentar den\u00fancia de m\u00e1-f\u00e9, informa\u00e7\u00f5es ou provas falsas configuram crime previsto em lei.</span></p>\r\n<h3><a name=\"3--o-que-relatar-nas-manifesta--es-de-den-ncia-\"></a><br />3. O que relatar nas manifesta\u00e7\u00f5es de den\u00fancia?</h3>\r\n<p><br /><strong>\"O que?\"</strong> -\u00a0<span class=\"C9DxTc \">Escrever o que aconteceu de forma clara e objetiva.\u00a0</span>E se tiver documentos para comprovar, anexe.</p>\r\n<p><span class=\"C9DxTc \"><strong>\"Onde?\"</strong> -\u00a0<span>Informar o local onde acontece ou aconteceu o fato.</span></span></p>\r\n<p><span class=\"C9DxTc \"><strong>\"Quando?\"</strong> -\u00a0<span>Se poss\u00edvel, informar a data (dia, m\u00eas e ano) e hor\u00e1rio aproximado dos acontecimentos (manh\u00e3, tarde ou noite), pois esta informa\u00e7\u00e3o ajuda na verifica\u00e7\u00e3o do fato, e algumas vezes na identifica\u00e7\u00e3o das pessoas envolvidas.</span></span></p>\r\n<p><span class=\"C9DxTc \"><span><strong>\"Quem?\"</strong> -\u00a0<span>Se souber, informar o(s) nome(s) da(s) pessoa(s) envolvida(s) no fato. Se poss\u00edvel com sobrenome, para que n\u00e3o reste d\u00favidas sobre quem voc\u00ea est\u00e1 denunciando.</span></span></span></p>\r\n<p><span class=\"C9DxTc \"><span><span><span>Ao escrever a sua manifesta\u00e7\u00e3o, evite utilizar express\u00f5es ir\u00f4nicas, xingamentos ou insultos. Procure utilizar uma linguagem objetiva, sem agredir o servi\u00e7o, setor ou servidor(a) destinat\u00e1rio da sua manifesta\u00e7\u00e3o.</span></span></span></span></p>\r\n<h3><a name=\"4--qual---o-procedimento-da-ouvidoria-da-c-mara-municipal-de-ub--quando-recebe-sua-manifesta--o-do-tipo-den-ncia-\"></a><strong><br />4. <span class=\"ZA9Nm C9DxTc \">Q</span><span class=\"ZA9Nm C9DxTc \">ual \u00e9 o procedimento da Ouvidoria da C\u00e2mara Municipal de Ub\u00e1 quando recebe sua manifesta\u00e7\u00e3o do tipo Den\u00fancia</span><span class=\"ZA9Nm C9DxTc \">?</span></strong></h3>\r\n<p><br /><span class=\"C9DxTc \">Quando a Ouvidoria da C\u00e2mara Municipal de Ub\u00e1 recebe sua den\u00fancia (Seus dados pessoais estar\u00e3o protegidos nos termos da\u00a0</span><a class=\"XqQF9c\" href=\"https://www.planalto.gov.br/ccivil_03/_ato2015-2018/2017/lei/l13460.htm\" target=\"_blank\"><span class=\"C9DxTc aw5Odc \">Lei n\u00b0 13.460/2017</span></a><span class=\"C9DxTc \">), inicia-se a an\u00e1lise do conte\u00fado da manifesta\u00e7\u00e3o e dos documentos que voc\u00ea eventualmente tenha cadastrado como anexos. Essa an\u00e1lise ser\u00e1 feita de forma t\u00e9cnica, imparcial e emp\u00e1tica, buscando verificar se h\u00e1 elementos suficientes para o in\u00edcio da an\u00e1lise pr\u00e9via.</span></p>\r\n<p><span class=\"C9DxTc \"><span class=\"C9DxTc \"><span class=\"C9DxTc \"><span><span><span>Na an\u00e1lise pr\u00e9via da den\u00fancia, \u00e9 realizado um trabalho detalhado e minucioso da Ouvidoria, que tem como objetivo buscar o maior n\u00famero poss\u00edvel de elementos de convic\u00e7\u00e3o para classificar a den\u00fancia como apta.</span></span></span></span></span></span></p>\r\n<p><span class=\"C9DxTc \"><span class=\"C9DxTc \"><span class=\"C9DxTc \"><span><span><span><span>Ap\u00f3s esse trabalho de an\u00e1lise preliminar, a Ouvidoria da C\u00e2mara Municipal de Ub\u00e1 buscar\u00e1 responder \u00e0s seguintes perguntas:</span></span></span></span></span></span></span></p>\r\n<ul>\r\n<li>\u00c9 poss\u00edvel indicar quem foi respons\u00e1vel pelo fato denunciado?</li>\r\n<li><span><span><span><span><span><span>A conduta denunciada configura infra\u00e7\u00e3o a alguma norma?</span></span></span></span></span></span></li>\r\n<li><span><span><span><span><span><span><span>H\u00e1 ind\u00edcios de que o fato denunciado realmente aconteceu?</span></span></span></span></span></span></span></li>\r\n</ul>\r\n<p style=\"text-align: justify; \"><span><br />Se as respostas a todas essas perguntas forem \u201cSim\u201d, a Ouvidoria encaminhar\u00e1 sua den\u00fancia \u00e0s unidades de apura\u00e7\u00e3o competente, por apresentar os elementos m\u00ednimos necess\u00e1rios, conforme <a class=\"external-link\" href=\"https://sapl.uba.mg.leg.br/norma/3873?display\" target=\"_blank\" title=\"\">Resolu\u00e7\u00e3o 8/2025</a>. No entanto, se o cidad\u00e3o registrou uma manifesta\u00e7\u00e3o como den\u00fancia cujo teor\u00a0 n\u00e3o cont\u00e9m elementos de irregularidade ou ilegalidade praticada, tratando-se de um relato de insatisfa\u00e7\u00e3o (reclama\u00e7\u00e3o), a Ouvidoria altera o tipo, classificando adequadamente a manifesta\u00e7\u00e3o.</span></p>\r\n<h3><a name=\"5--quem-pode-cadastrar-manifesta--o-na-ouvidoria-da-c-mara-municipal-de-ub--\"></a><strong><span class=\"ZA9Nm C9DxTc \"><br />5.\u00a0<span class=\"ZA9Nm C9DxTc \">Quem pode</span><span class=\"ZA9Nm C9DxTc \">\u00a0cadastrar manifesta\u00e7\u00e3o na Ouvidoria da C\u00e2mara Municipal de Ub\u00e1</span></span><span class=\"ZA9Nm C9DxTc \">?</span></strong></h3>\r\n<p><br /><span>Qualquer cidad\u00e3o/usu\u00e1rio, empresa, organiza\u00e7\u00e3o ou entidade da sociedade Civil pode cadastrar manifesta\u00e7\u00f5es de ouvidoria e receber respostas sobre assuntos referentes a servi\u00e7os prestados pela C\u00e2mara Municipal de Ub\u00e1.</span></p>\r\n<h3><a name=\"6--como-posso-cadastrar-uma-manifesta--o-na-ouvidoria-da-c-mara-municipal-de-ub--\"></a><strong><span class=\"ZA9Nm C9DxTc \"><br />6.\u00a0Como posso cadastrar</span>\u00a0uma manifesta\u00e7\u00e3o na Ouvidoria da\u00a0C\u00e2mara Municipal de Ub\u00e1<span class=\"ZA9Nm C9DxTc \">?</span></strong></h3>\r\n<p><br /><span class=\"C9DxTc \">Acessando o link Ouvidoria no menu horizontal na parte superior do site ou acessando o banner da Transpar\u00eancia a direita do site e clicando no banner Ouvidoria Parlamentar.</span></p>\r\n<h3><a name=\"7--eu-preciso-me-identificar-para-fazer-uma-manifesta--o--h--possibilidade-de-fazer-uma-manifesta--o-de-forma-an-nima-\"></a><strong><span class=\"ZA9Nm C9DxTc \"><br />7.\u00a0<span class=\"ZA9Nm C9DxTc \">Eu preciso me identificar para fazer uma manifesta\u00e7\u00e3o? H\u00e1 possibilidade de fazer uma manifesta\u00e7\u00e3o\u00a0</span><span class=\"ZA9Nm C9DxTc \">de forma an\u00f4nima</span></span><span class=\"ZA9Nm C9DxTc \">?</span></strong></h3>\r\n<p><br /><span>As manifesta\u00e7\u00f5es do tipo Sugest\u00e3o; Reclama\u00e7\u00e3o; Elogio e Solicita\u00e7\u00e3o necessitam da realiza\u00e7\u00e3o de cadastro na plataforma.</span></p>\r\n<p style=\"text-align: justify; \"><span></span><span class=\"C9DxTc \">J\u00e1 as manifesta\u00e7\u00f5es do tipo\u00a0</span><span class=\"C9DxTc \">Den\u00fancia</span><span class=\"C9DxTc \">\u00a0podem ser realizadas tanto mediante cadastro como de forma an\u00f4nima, sendo que o manifestante que optar pelo anonimato n\u00e3o obter\u00e1 um n\u00famero de protocolo, impossibilitando o acompanhamento, n\u00e3o tendo acesso \u00e0 resposta da Ouvidoria para sua manifesta\u00e7\u00e3o.</span></p>\r\n<p class=\"zfr3Q CDt4Ke \" dir=\"ltr\" id=\"h.ieo58zdkqtaa\"><strong><span class=\"C9DxTc \">Den\u00fancia:</span></strong></p>\r\n<p><strong><span>Posso denunciar v\u00e1rios fatos em uma s\u00f3 den\u00fancia?</span></strong></p>\r\n<p><span>Sim. No entanto, a fim de agilizar as apura\u00e7\u00f5es \u00e9 aconselh\u00e1vel que sejam registradas manifesta\u00e7\u00f5es para cada fato denunciado.</span><span></span></p>\r\n<p><strong><span>Quais as garantias de prote\u00e7\u00e3o \u00e0 minha identidade?</span></strong></p>\r\n<p class=\"zfr3Q CDt4Ke \" dir=\"ltr\"><span class=\"C9DxTc \">Por for\u00e7a da Lei n\u00ba 12.527/11 (Lei de Acesso \u00e0 Informa\u00e7\u00e3o) e Lei 13.460/2017 (c\u00f3digo de defesa dos direitos do usu\u00e1rio dos servi\u00e7os p\u00fablicos), os \u00f3rg\u00e3os e entidades p\u00fablicas devem proteger suas informa\u00e7\u00f5es pessoais, restringindo o acesso a quaisquer dados relativos \u00e0 intimidade, vida privada, honra e imagem, a n\u00e3o ser que voc\u00ea autorize expressamente o acesso a estas informa\u00e7\u00f5es.</span></p>\r\n<p><strong><span>O servidor p\u00fablico, ser\u00e1 penalizado por fazer uma den\u00fancia?</span></strong></p>\r\n<p class=\"zfr3Q CDt4Ke \" dir=\"ltr\"><span class=\"C9DxTc \">N\u00e3o. O servidor n\u00e3o pode ser penalizado por informar sobre a pr\u00e1tica de crimes ou improbidade de que tenha conhecimento \u00e0 autoridade competente, de acordo com o artigo</span><span class=\"C9DxTc \">\u00a0</span><a class=\"XqQF9c\" href=\"https://www2.senado.leg.br/bdsf/bitstream/handle/id/560157/Lei_8112_1ed.pdf\" target=\"_blank\"><span class=\"C9DxTc aw5Odc \">126-A, da Lei n\u00ba 8.112/90</span></a><span class=\"C9DxTc \">.</span></p>\r\n<p><strong><span>O usu\u00e1rio pode desistir de den\u00fancia ap\u00f3s registr\u00e1-la?</span></strong></p>\r\n<p class=\"zfr3Q CDt4Ke \" dir=\"ltr\"><span class=\"C9DxTc \">Sim. O usu\u00e1rio poder\u00e1 enviar uma nova manifesta\u00e7\u00e3o, mencionando o n\u00famero de protocolo da den\u00fancia, informando da sua desist\u00eancia.</span></p>\r\n<p class=\"zfr3Q CDt4Ke \" dir=\"ltr\"><span class=\"C9DxTc \">No entanto, a C\u00e2mara Municipal de Ub\u00e1 poder\u00e1 utilizar de tais informa\u00e7\u00f5es, caso entenda relevante, preservando a identidade do denunciante.\u00a0</span></p>\r\n<h3><a name=\"8--o-que-acontece-com-a-manifesta--o-ap-s-o-registro-\"></a><strong><span class=\"ZA9Nm C9DxTc \"><br />8.\u00a0<span class=\"ZA9Nm C9DxTc \">O que acontece com a manifesta\u00e7\u00e3o\u00a0</span><span class=\"ZA9Nm C9DxTc \">ap\u00f3s o registro</span></span><span class=\"ZA9Nm C9DxTc \">?</span></strong></h3>\r\n<p><br /><span>Quando o usu\u00e1rio registra a manifesta\u00e7\u00e3o, \u00e9 feita uma an\u00e1lise pr\u00e9via do caso para identificar a melhor forma de trat\u00e1-lo.</span></p>\r\n<p style=\"text-align: justify; \"><span>A Ouvidoria poder\u00e1 responder a manifesta\u00e7\u00e3o; solicitar que o usu\u00e1rio a complemente; prestar orienta\u00e7\u00f5es; encaminhar para a unidade interna respons\u00e1vel por resolver a quest\u00e3o ou poder\u00e1 tamb\u00e9m encaminhar para outro \u00f3rg\u00e3o/entidade, dependendo do caso. O usu\u00e1rio sempre ser\u00e1 comunicado sobre o andamento adotado.</span></p>\r\n<h3><a name=\"9----poss-vel-o-usu-rio-alterar-a-manifesta--o-depois-que-foi-enviada-\"></a><strong><span class=\"ZA9Nm C9DxTc \"><br />9.\u00a0<span class=\"ZA9Nm C9DxTc \">\u00c9 poss\u00edvel o usu\u00e1rio\u00a0</span><span class=\"ZA9Nm C9DxTc \">alterar a manifesta\u00e7\u00e3o</span><span class=\"ZA9Nm C9DxTc \">\u00a0depois que foi enviada</span></span><span class=\"ZA9Nm C9DxTc \">?</span></strong></h3>\r\n<p><br /><span>N\u00e3o \u00e9 poss\u00edvel alterar a manifesta\u00e7\u00e3o ap\u00f3s o envio. Por\u00e9m, se a Ouvidoria solicitar uma complementa\u00e7\u00e3o, o usu\u00e1rio poder\u00e1 complementar sua manifesta\u00e7\u00e3o, oferecendo informa\u00e7\u00f5es e/ ou anexos adicionais. Para isso, \u00e9 necess\u00e1rio acessar o sistema e detalhar a manifesta\u00e7\u00e3o.</span>\u00a0</p>\r\n<h3><a name=\"10--fiz-uma-manifesta--o-mas-quero-complement--la--adicionar-relatos--anexos--etc---como-posso-fazer-isso-\"></a><strong><span class=\"ZA9Nm C9DxTc \"><br />10.\u00a0<span>Fiz uma manifesta\u00e7\u00e3o mas quero complement\u00e1-la (adicionar relatos, anexos, etc). Como posso fazer isso</span></span><span class=\"ZA9Nm C9DxTc \">?</span></strong></h3>\r\n<p><br /><span>A recomenda\u00e7\u00e3o da Ouvidoria para essa situa\u00e7\u00e3o \u00e9 que o(a) usu\u00e1rio(a) cadastre uma nova manifesta\u00e7\u00e3o na Plataforma informando que se trata de complementa\u00e7\u00e3o e o n\u00famero de protocolo da manifesta\u00e7\u00e3o anterior.</span></p>\r\n<h3><a name=\"11--qual-o-prazo-para-receber-a-resposta-\"></a><strong><span class=\"ZA9Nm C9DxTc \"><br />11.\u00a0<span>Qual o prazo para receber a resposta</span></span><span class=\"ZA9Nm C9DxTc \">?</span></strong></h3>\r\n<p><br /><span>O prazo para resposta \u00e9 de 30 (trinta) dias, prorrog\u00e1vel por mais 30 (trinta) dias, mediante justificativa fundamentada.</span></p>\r\n<h3></h3>\r\n<p style=\"text-align: right; \"><span><a title=\"\" href=\"https://www.uba.mg.leg.br/transparencia/lai/sic-1/ouvidoria-2/ouvidoria\" class=\"internal-link\" target=\"_self\">Voltar</a></span></p>", "author_name": "", "version": "1.0", "author_url": "https://www.uba.mg.leg.br/author/informatica", "provider_name": " ", "type": "rich"}